{"id":1502,"date":"2024-08-07T19:20:43","date_gmt":"2024-08-07T22:20:43","guid":{"rendered":"https:\/\/pisocompartido.com.ar\/blog\/?p=1502"},"modified":"2024-08-07T19:43:58","modified_gmt":"2024-08-07T22:43:58","slug":"bus-8-directo-plaza-de-mayo-congreso-aeropuerto-ezeiza-buenos-aires","status":"publish","type":"post","link":"https:\/\/pisocompartido.com.ar\/blog\/bus-8-directo-plaza-de-mayo-congreso-aeropuerto-ezeiza-buenos-aires\/","title":{"rendered":"Nuevo bus 8 directo al Aeropuerto Internacional de Buenos Aires desde Plaza de Mayo en solo 1 hora."},"content":{"rendered":"\n<p>La linea de colectivo 8 inaugur\u00f3 hace poco un nuevo ramal r\u00e1pido que une el aeroparque con el aeropuerto internacional de Ezeiza de Buenos Aires, con paradas en Plaza de Mayo y la Avenida 9 de Julio.<strong> Demora una hora en llegar desde Plaza de Mayo hasta el aeropuerto internacional y cuesta solamente 50 centavos de d\u00f3lar.<\/strong><\/p>\n\n\n\n<figure class=\"wp-block-image size-full\"><img loading=\"lazy\" decoding=\"async\" width=\"902\" height=\"590\" src=\"https:\/\/pisocompartido.com.ar\/blog\/wp-content\/uploads\/2024\/08\/bus-8-de-Plaza-de-Mayo-a-Aeropuerto-Ezeiza.jpeg\" alt=\"\" class=\"wp-image-1503\" srcset=\"https:\/\/pisocompartido.com.ar\/blog\/wp-content\/uploads\/2024\/08\/bus-8-de-Plaza-de-Mayo-a-Aeropuerto-Ezeiza.jpeg 902w, https:\/\/pisocompartido.com.ar\/blog\/wp-content\/uploads\/2024\/08\/bus-8-de-Plaza-de-Mayo-a-Aeropuerto-Ezeiza-300x196.jpeg 300w, https:\/\/pisocompartido.com.ar\/blog\/wp-content\/uploads\/2024\/08\/bus-8-de-Plaza-de-Mayo-a-Aeropuerto-Ezeiza-768x502.jpeg 768w, https:\/\/pisocompartido.com.ar\/blog\/wp-content\/uploads\/2024\/08\/bus-8-de-Plaza-de-Mayo-a-Aeropuerto-Ezeiza-370x241.jpeg 370w, https:\/\/pisocompartido.com.ar\/blog\/wp-content\/uploads\/2024\/08\/bus-8-de-Plaza-de-Mayo-a-Aeropuerto-Ezeiza-900x590.jpeg 900w\" sizes=\"auto, (max-width: 902px) 100vw, 902px\" \/><\/figure>\n\n\n\n<h2 class=\"wp-block-heading\">Paradas<\/h2>\n\n\n\n<p>El bus directo por la autopista funciona solamente los d\u00edas h\u00e1biles de la semana y realiza el siguiente recorrido en poco m\u00e1s de una hora: Estaci\u00f3n de trenes Retiro \/ Plaza de Mayo \/ Plaza Congreso \/ San Telmo (calle Lima y Carlos Calvo) \/ Aeropuerto Internacional de Ezeiza <\/p>\n\n\n\n<iframe loading=\"lazy\" src=\"https:\/\/www.google.com\/maps\/d\/u\/1\/embed?mid=1wU0oqPKEuIbBE6KyYfK768HwsT_mCh0&#038;ehbc=2E312F\" width=\"640\" height=\"480\"><\/iframe>\n\n\n\n<h2 class=\"wp-block-heading\">Horarios bus 8 directo al aeropuerto<\/h2>\n\n\n\n<p>Estos son los horario. Es importante recordar que es este servicio r\u00e1pido por el momento funciona solamente los d\u00edas de semana h\u00e1biles:<\/p>\n\n\n\n<figure class=\"wp-block-image size-large\"><img loading=\"lazy\" decoding=\"async\" width=\"820\" height=\"1024\" src=\"https:\/\/pisocompartido.com.ar\/blog\/wp-content\/uploads\/2024\/08\/Horarios-colectivo-8-de-Plaza-de-Mayo-a-Aeropuerto-Ezeiza-820x1024.jpeg\" alt=\"\" class=\"wp-image-1505\" srcset=\"https:\/\/pisocompartido.com.ar\/blog\/wp-content\/uploads\/2024\/08\/Horarios-colectivo-8-de-Plaza-de-Mayo-a-Aeropuerto-Ezeiza-820x1024.jpeg 820w, https:\/\/pisocompartido.com.ar\/blog\/wp-content\/uploads\/2024\/08\/Horarios-colectivo-8-de-Plaza-de-Mayo-a-Aeropuerto-Ezeiza-240x300.jpeg 240w, https:\/\/pisocompartido.com.ar\/blog\/wp-content\/uploads\/2024\/08\/Horarios-colectivo-8-de-Plaza-de-Mayo-a-Aeropuerto-Ezeiza-768x960.jpeg 768w, https:\/\/pisocompartido.com.ar\/blog\/wp-content\/uploads\/2024\/08\/Horarios-colectivo-8-de-Plaza-de-Mayo-a-Aeropuerto-Ezeiza.jpeg 1002w\" sizes=\"auto, (max-width: 820px) 100vw, 820px\" \/><\/figure>\n\n\n\n<p>La salida indicada &#8220;Plaza de Mayo&#8221; est\u00e1 exactamente el Avenida de Mayo 669, casi llegando en la calle Chacabuco. <\/p>\n\n\n\n<p>Es importante leer los dos cuadros a la derecha. El del medio muestra el colectivo r\u00e1pido que vienen desde Aeroparque pero hay otras unidades que solo salen desde Plaza de Mayo. <strong>Para el caso que quieras tomarlo en Plaza de Mayo, Congreso o San Telmo te servir\u00e1s ambos servicios.<\/strong><\/p>\n\n\n\n<p>La compa\u00f1\u00eda no precisa los tiempos de las paradas intermedias pero se puede calcular que a la parada de Congreso frente el Cine Gaumont ser\u00e1 10 minutos despu\u00e9s y en San Telmo en Lima y Carlos Calvo otros 10 minutos despu\u00e9s. Es decir que el tiempo de viaje desde San Telmo al aeropuerto internacional es de solamente 50 minutos ya que el bus toma r\u00e1pidamente la autopista y utiliza un sistema de carriles exclusivos, es por esto que los tiempos se asemejan al taxi.<\/p>\n\n\n\n<h2 class=\"wp-block-heading\">Precio<\/h2>\n\n\n\n<p><strong>El costo de este bus ahora mismo es de 50 centavos de d\u00f3lar <\/strong>(se cobra en pesos y se va actualizando con la inflaci\u00f3n). Mucho muy importante: es necesario tener la tarjeta SUBE para utilizarlo.<\/p>\n\n\n\n<p> <\/p>\n  <div class=\"related-post grid\">\r\n      <div class=\"post-list \">\r\n\r\n            <div class=\"item\">\r\n          \r\n  <a class=\"title post_title\"  title=\"Comment obtenir la carte SUBE \u00e0 Buenos Aires\" href=\"https:\/\/pisocompartido.com.ar\/blog\/comment-obtenir-la-carte-sube-buenos-aires\/?related_post_from=1\">\r\n        Comment obtenir la carte SUBE \u00e0 Buenos Aires  <\/a>\r\n\r\n  <div class=\"thumb post_thumb\">\r\n    <a  title=\"Comment obtenir la carte SUBE \u00e0 Buenos Aires\" href=\"https:\/\/pisocompartido.com.ar\/blog\/comment-obtenir-la-carte-sube-buenos-aires\/?related_post_from=1\">\r\n\r\n      <img loading=\"lazy\" decoding=\"async\" width=\"1200\" height=\"800\" src=\"https:\/\/pisocompartido.com.ar\/blog\/wp-content\/uploads\/2019\/04\/sube-1.jpg\" class=\"attachment-full size-full wp-post-image\" alt=\"\" srcset=\"https:\/\/pisocompartido.com.ar\/blog\/wp-content\/uploads\/2019\/04\/sube-1.jpg 1200w, https:\/\/pisocompartido.com.ar\/blog\/wp-content\/uploads\/2019\/04\/sube-1-300x200.jpg 300w, https:\/\/pisocompartido.com.ar\/blog\/wp-content\/uploads\/2019\/04\/sube-1-768x512.jpg 768w, https:\/\/pisocompartido.com.ar\/blog\/wp-content\/uploads\/2019\/04\/sube-1-1024x683.jpg 1024w, https:\/\/pisocompartido.com.ar\/blog\/wp-content\/uploads\/2019\/04\/sube-1-900x600.jpg 900w\" sizes=\"auto, (max-width: 1200px) 100vw, 1200px\" \/>\r\n\r\n    <\/a>\r\n  <\/div>\r\n        <\/div>\r\n              <div class=\"item\">\r\n          \r\n  <a class=\"title post_title\"  title=\"Les 5 meilleurs boites de nuit de Buenos Aires\" href=\"https:\/\/pisocompartido.com.ar\/blog\/les-5-meilleurs-boites-de-nuit-de-buenos-aires\/?related_post_from=47\">\r\n        Les 5 meilleurs boites de nuit de Buenos Aires  <\/a>\r\n\r\n  <div class=\"thumb post_thumb\">\r\n    <a  title=\"Les 5 meilleurs boites de nuit de Buenos Aires\" href=\"https:\/\/pisocompartido.com.ar\/blog\/les-5-meilleurs-boites-de-nuit-de-buenos-aires\/?related_post_from=47\">\r\n\r\n      <img loading=\"lazy\" decoding=\"async\" width=\"1600\" height=\"1060\" src=\"https:\/\/pisocompartido.com.ar\/blog\/wp-content\/uploads\/2019\/04\/1.jpg\" class=\"attachment-full size-full wp-post-image\" alt=\"\" srcset=\"https:\/\/pisocompartido.com.ar\/blog\/wp-content\/uploads\/2019\/04\/1.jpg 1600w, https:\/\/pisocompartido.com.ar\/blog\/wp-content\/uploads\/2019\/04\/1-300x199.jpg 300w, https:\/\/pisocompartido.com.ar\/blog\/wp-content\/uploads\/2019\/04\/1-768x509.jpg 768w, https:\/\/pisocompartido.com.ar\/blog\/wp-content\/uploads\/2019\/04\/1-1024x678.jpg 1024w\" sizes=\"auto, (max-width: 1600px) 100vw, 1600px\" \/>\r\n\r\n    <\/a>\r\n  <\/div>\r\n        <\/div>\r\n      \r\n  <\/div>\r\n\r\n  <script>\r\n      <\/script>\r\n  <style>\r\n    .related-post {}\r\n\r\n    .related-post .post-list {\r\n      text-align: left;\r\n          }\r\n\r\n    .related-post .post-list .item {\r\n      margin: 10px;\r\n      padding: 0px;\r\n          }\r\n\r\n    .related-post .headline {\r\n      font-size: 18px !important;\r\n      color: #eded0e !important;\r\n          }\r\n\r\n    .related-post .post-list .item .post_title {\r\n      font-size: 16px;\r\n      color: #3f3f3f;\r\n      margin: 10px 0px;\r\n      padding: 0px;\r\n      display: block;\r\n      text-decoration: none;\r\n          }\r\n\r\n    .related-post .post-list .item .post_thumb {\r\n      max-height: 220px;\r\n      margin: 10px 0px;\r\n      padding: 0px;\r\n      display: block;\r\n          }\r\n\r\n    .related-post .post-list .item .post_excerpt {\r\n      font-size: 13px;\r\n      color: #3f3f3f;\r\n      margin: 10px 0px;\r\n      padding: 0px;\r\n      display: block;\r\n      text-decoration: none;\r\n          }\r\n\r\n    @media only screen and (min-width: 1024px) {\r\n      .related-post .post-list .item {\r\n        width: 45%;\r\n      }\r\n    }\r\n\r\n    @media only screen and (min-width: 768px) and (max-width: 1023px) {\r\n      .related-post .post-list .item {\r\n        width: 90%;\r\n      }\r\n    }\r\n\r\n    @media only screen and (min-width: 0px) and (max-width: 767px) {\r\n      .related-post .post-list .item {\r\n        width: 90%;\r\n      }\r\n    }\r\n\r\n      <\/style>\r\n    <\/div>\r\n","protected":false},"excerpt":{"rendered":"<p>La linea de colectivo 8 inaugur\u00f3 hace poco un nuevo ramal r\u00e1pido que une el aeroparque con el aeropuerto internacional<\/p>\n","protected":false},"author":1,"featured_media":1507,"comment_status":"open","ping_status":"open","sticky":false,"template":"","format":"standard","meta":{"footnotes":""},"categories":[3],"tags":[],"class_list":["post-1502","post","type-post","status-publish","format-standard","has-post-thumbnail","hentry","category-transporte"],"yoast_head":"<!-- This site is optimized with the Yoast SEO plugin v27.5 - https:\/\/yoast.com\/product\/yoast-seo-wordpress\/ -->\n<title>Nuevo Bus 8 Directo de Plaza de Mayo al Aeropuerto de Ezeiza | Piso Compartido Blog<\/title>\n<meta name=\"description\" content=\"Linea 8 de colectivo tiene un nuevo bus r\u00e1pido y directo al Aeropuerto de Ezeiza desde Plaza de Mayo. El recorrido dura una hora y tiene un valor super econ\u00f3mico.\" \/>\n<meta name=\"robots\" content=\"index, follow, max-snippet:-1, max-image-preview:large, max-video-preview:-1\" \/>\n<link rel=\"canonical\" href=\"https:\/\/pisocompartido.com.ar\/blog\/bus-8-directo-plaza-de-mayo-congreso-aeropuerto-ezeiza-buenos-aires\/\" \/>\n<meta property=\"og:locale\" content=\"ar_AR\" \/>\n<meta property=\"og:type\" content=\"article\" \/>\n<meta property=\"og:title\" content=\"Nuevo Bus 8 Directo de Plaza de Mayo al Aeropuerto de Ezeiza | Piso Compartido Blog\" \/>\n<meta property=\"og:description\" content=\"Linea 8 de colectivo tiene un nuevo bus r\u00e1pido y directo al Aeropuerto de Ezeiza desde Plaza de Mayo. El recorrido dura una hora y tiene un valor super econ\u00f3mico.\" \/>\n<meta property=\"og:url\" content=\"https:\/\/pisocompartido.com.ar\/blog\/bus-8-directo-plaza-de-mayo-congreso-aeropuerto-ezeiza-buenos-aires\/\" \/>\n<meta property=\"og:site_name\" content=\"Piso Compartido Blog\" \/>\n<meta property=\"article:published_time\" content=\"2024-08-07T22:20:43+00:00\" \/>\n<meta property=\"article:modified_time\" content=\"2024-08-07T22:43:58+00:00\" \/>\n<meta property=\"og:image\" content=\"https:\/\/pisocompartido.com.ar\/blog\/wp-content\/uploads\/2024\/08\/bus-8-de-Plaza-de-Mayo-a-Aeropuerto-Ezeiza-1.jpeg\" \/>\n\t<meta property=\"og:image:width\" content=\"902\" \/>\n\t<meta property=\"og:image:height\" content=\"590\" \/>\n\t<meta property=\"og:image:type\" content=\"image\/jpeg\" \/>\n<meta name=\"author\" content=\"Piso Compartido Bs As\" \/>\n<meta name=\"twitter:card\" content=\"summary_large_image\" \/>\n<meta name=\"twitter:label1\" content=\"\u0643\u064f\u062a\u0628 \u0628\u0648\u0627\u0633\u0637\u0629\" \/>\n\t<meta name=\"twitter:data1\" content=\"Piso Compartido Bs As\" \/>\n\t<meta name=\"twitter:label2\" content=\"\u0648\u0642\u062a \u0627\u0644\u0642\u0631\u0627\u0621\u0629 \u0627\u0644\u0645\u064f\u0642\u062f\u0651\u0631\" \/>\n\t<meta name=\"twitter:data2\" content=\"3 \u062f\u0642\u0627\u0626\u0642\" \/>\n<script type=\"application\/ld+json\" class=\"yoast-schema-graph\">{\"@context\":\"https:\\\/\\\/schema.org\",\"@graph\":[{\"@type\":\"Article\",\"@id\":\"https:\\\/\\\/pisocompartido.com.ar\\\/blog\\\/bus-8-directo-plaza-de-mayo-congreso-aeropuerto-ezeiza-buenos-aires\\\/#article\",\"isPartOf\":{\"@id\":\"https:\\\/\\\/pisocompartido.com.ar\\\/blog\\\/bus-8-directo-plaza-de-mayo-congreso-aeropuerto-ezeiza-buenos-aires\\\/\"},\"author\":{\"name\":\"Piso Compartido Bs As\",\"@id\":\"https:\\\/\\\/pisocompartido.com.ar\\\/blog\\\/#\\\/schema\\\/person\\\/eadc67f9dd49a786f87a3e318ebf32a1\"},\"headline\":\"Nuevo bus 8 directo al Aeropuerto Internacional de Buenos Aires desde Plaza de Mayo en solo 1 hora.\",\"datePublished\":\"2024-08-07T22:20:43+00:00\",\"dateModified\":\"2024-08-07T22:43:58+00:00\",\"mainEntityOfPage\":{\"@id\":\"https:\\\/\\\/pisocompartido.com.ar\\\/blog\\\/bus-8-directo-plaza-de-mayo-congreso-aeropuerto-ezeiza-buenos-aires\\\/\"},\"wordCount\":343,\"commentCount\":0,\"image\":{\"@id\":\"https:\\\/\\\/pisocompartido.com.ar\\\/blog\\\/bus-8-directo-plaza-de-mayo-congreso-aeropuerto-ezeiza-buenos-aires\\\/#primaryimage\"},\"thumbnailUrl\":\"https:\\\/\\\/pisocompartido.com.ar\\\/blog\\\/wp-content\\\/uploads\\\/2024\\\/08\\\/bus-8-de-Plaza-de-Mayo-a-Aeropuerto-Ezeiza-1.jpeg\",\"articleSection\":[\"Transporte\"],\"inLanguage\":\"ar\",\"potentialAction\":[{\"@type\":\"CommentAction\",\"name\":\"Comment\",\"target\":[\"https:\\\/\\\/pisocompartido.com.ar\\\/blog\\\/bus-8-directo-plaza-de-mayo-congreso-aeropuerto-ezeiza-buenos-aires\\\/#respond\"]}]},{\"@type\":\"WebPage\",\"@id\":\"https:\\\/\\\/pisocompartido.com.ar\\\/blog\\\/bus-8-directo-plaza-de-mayo-congreso-aeropuerto-ezeiza-buenos-aires\\\/\",\"url\":\"https:\\\/\\\/pisocompartido.com.ar\\\/blog\\\/bus-8-directo-plaza-de-mayo-congreso-aeropuerto-ezeiza-buenos-aires\\\/\",\"name\":\"Nuevo Bus 8 Directo de Plaza de Mayo al Aeropuerto de Ezeiza | Piso Compartido Blog\",\"isPartOf\":{\"@id\":\"https:\\\/\\\/pisocompartido.com.ar\\\/blog\\\/#website\"},\"primaryImageOfPage\":{\"@id\":\"https:\\\/\\\/pisocompartido.com.ar\\\/blog\\\/bus-8-directo-plaza-de-mayo-congreso-aeropuerto-ezeiza-buenos-aires\\\/#primaryimage\"},\"image\":{\"@id\":\"https:\\\/\\\/pisocompartido.com.ar\\\/blog\\\/bus-8-directo-plaza-de-mayo-congreso-aeropuerto-ezeiza-buenos-aires\\\/#primaryimage\"},\"thumbnailUrl\":\"https:\\\/\\\/pisocompartido.com.ar\\\/blog\\\/wp-content\\\/uploads\\\/2024\\\/08\\\/bus-8-de-Plaza-de-Mayo-a-Aeropuerto-Ezeiza-1.jpeg\",\"datePublished\":\"2024-08-07T22:20:43+00:00\",\"dateModified\":\"2024-08-07T22:43:58+00:00\",\"author\":{\"@id\":\"https:\\\/\\\/pisocompartido.com.ar\\\/blog\\\/#\\\/schema\\\/person\\\/eadc67f9dd49a786f87a3e318ebf32a1\"},\"description\":\"Linea 8 de colectivo tiene un nuevo bus r\u00e1pido y directo al Aeropuerto de Ezeiza desde Plaza de Mayo. El recorrido dura una hora y tiene un valor super econ\u00f3mico.\",\"breadcrumb\":{\"@id\":\"https:\\\/\\\/pisocompartido.com.ar\\\/blog\\\/bus-8-directo-plaza-de-mayo-congreso-aeropuerto-ezeiza-buenos-aires\\\/#breadcrumb\"},\"inLanguage\":\"ar\",\"potentialAction\":[{\"@type\":\"ReadAction\",\"target\":[\"https:\\\/\\\/pisocompartido.com.ar\\\/blog\\\/bus-8-directo-plaza-de-mayo-congreso-aeropuerto-ezeiza-buenos-aires\\\/\"]}]},{\"@type\":\"ImageObject\",\"inLanguage\":\"ar\",\"@id\":\"https:\\\/\\\/pisocompartido.com.ar\\\/blog\\\/bus-8-directo-plaza-de-mayo-congreso-aeropuerto-ezeiza-buenos-aires\\\/#primaryimage\",\"url\":\"https:\\\/\\\/pisocompartido.com.ar\\\/blog\\\/wp-content\\\/uploads\\\/2024\\\/08\\\/bus-8-de-Plaza-de-Mayo-a-Aeropuerto-Ezeiza-1.jpeg\",\"contentUrl\":\"https:\\\/\\\/pisocompartido.com.ar\\\/blog\\\/wp-content\\\/uploads\\\/2024\\\/08\\\/bus-8-de-Plaza-de-Mayo-a-Aeropuerto-Ezeiza-1.jpeg\",\"width\":902,\"height\":590,\"caption\":\"bus 8 a ezeiza\"},{\"@type\":\"BreadcrumbList\",\"@id\":\"https:\\\/\\\/pisocompartido.com.ar\\\/blog\\\/bus-8-directo-plaza-de-mayo-congreso-aeropuerto-ezeiza-buenos-aires\\\/#breadcrumb\",\"itemListElement\":[{\"@type\":\"ListItem\",\"position\":1,\"name\":\"Inicio\",\"item\":\"https:\\\/\\\/pisocompartido.com.ar\\\/blog\\\/\"},{\"@type\":\"ListItem\",\"position\":2,\"name\":\"Nuevo bus 8 directo al Aeropuerto Internacional de Buenos Aires desde Plaza de Mayo en solo 1 hora.\"}]},{\"@type\":\"WebSite\",\"@id\":\"https:\\\/\\\/pisocompartido.com.ar\\\/blog\\\/#website\",\"url\":\"https:\\\/\\\/pisocompartido.com.ar\\\/blog\\\/\",\"name\":\"Piso Compartido Blog\",\"description\":\"La mejor Informaci&oacute;n para estudiar en Argentina\",\"potentialAction\":[{\"@type\":\"SearchAction\",\"target\":{\"@type\":\"EntryPoint\",\"urlTemplate\":\"https:\\\/\\\/pisocompartido.com.ar\\\/blog\\\/?s={search_term_string}\"},\"query-input\":{\"@type\":\"PropertyValueSpecification\",\"valueRequired\":true,\"valueName\":\"search_term_string\"}}],\"inLanguage\":\"ar\"},{\"@type\":\"Person\",\"@id\":\"https:\\\/\\\/pisocompartido.com.ar\\\/blog\\\/#\\\/schema\\\/person\\\/eadc67f9dd49a786f87a3e318ebf32a1\",\"name\":\"Piso Compartido Bs As\",\"image\":{\"@type\":\"ImageObject\",\"inLanguage\":\"ar\",\"@id\":\"https:\\\/\\\/secure.gravatar.com\\\/avatar\\\/1e225c5312d8f01c8964922ce793dcb9e8b26147002032b6c03980275e1f51a7?s=96&d=mm&r=g\",\"url\":\"https:\\\/\\\/secure.gravatar.com\\\/avatar\\\/1e225c5312d8f01c8964922ce793dcb9e8b26147002032b6c03980275e1f51a7?s=96&d=mm&r=g\",\"contentUrl\":\"https:\\\/\\\/secure.gravatar.com\\\/avatar\\\/1e225c5312d8f01c8964922ce793dcb9e8b26147002032b6c03980275e1f51a7?s=96&d=mm&r=g\",\"caption\":\"Piso Compartido Bs As\"},\"url\":\"https:\\\/\\\/pisocompartido.com.ar\\\/blog\\\/author\\\/andresp1\\\/\"}]}<\/script>\n<!-- \/ Yoast SEO plugin. -->","yoast_head_json":{"title":"Nuevo Bus 8 Directo de Plaza de Mayo al Aeropuerto de Ezeiza | Piso Compartido Blog","description":"Linea 8 de colectivo tiene un nuevo bus r\u00e1pido y directo al Aeropuerto de Ezeiza desde Plaza de Mayo. El recorrido dura una hora y tiene un valor super econ\u00f3mico.","robots":{"index":"index","follow":"follow","max-snippet":"max-snippet:-1","max-image-preview":"max-image-preview:large","max-video-preview":"max-video-preview:-1"},"canonical":"https:\/\/pisocompartido.com.ar\/blog\/bus-8-directo-plaza-de-mayo-congreso-aeropuerto-ezeiza-buenos-aires\/","og_locale":"ar_AR","og_type":"article","og_title":"Nuevo Bus 8 Directo de Plaza de Mayo al Aeropuerto de Ezeiza | Piso Compartido Blog","og_description":"Linea 8 de colectivo tiene un nuevo bus r\u00e1pido y directo al Aeropuerto de Ezeiza desde Plaza de Mayo. El recorrido dura una hora y tiene un valor super econ\u00f3mico.","og_url":"https:\/\/pisocompartido.com.ar\/blog\/bus-8-directo-plaza-de-mayo-congreso-aeropuerto-ezeiza-buenos-aires\/","og_site_name":"Piso Compartido Blog","article_published_time":"2024-08-07T22:20:43+00:00","article_modified_time":"2024-08-07T22:43:58+00:00","og_image":[{"width":902,"height":590,"url":"https:\/\/pisocompartido.com.ar\/blog\/wp-content\/uploads\/2024\/08\/bus-8-de-Plaza-de-Mayo-a-Aeropuerto-Ezeiza-1.jpeg","type":"image\/jpeg"}],"author":"Piso Compartido Bs As","twitter_card":"summary_large_image","twitter_misc":{"\u0643\u064f\u062a\u0628 \u0628\u0648\u0627\u0633\u0637\u0629":"Piso Compartido Bs As","\u0648\u0642\u062a \u0627\u0644\u0642\u0631\u0627\u0621\u0629 \u0627\u0644\u0645\u064f\u0642\u062f\u0651\u0631":"3 \u062f\u0642\u0627\u0626\u0642"},"schema":{"@context":"https:\/\/schema.org","@graph":[{"@type":"Article","@id":"https:\/\/pisocompartido.com.ar\/blog\/bus-8-directo-plaza-de-mayo-congreso-aeropuerto-ezeiza-buenos-aires\/#article","isPartOf":{"@id":"https:\/\/pisocompartido.com.ar\/blog\/bus-8-directo-plaza-de-mayo-congreso-aeropuerto-ezeiza-buenos-aires\/"},"author":{"name":"Piso Compartido Bs As","@id":"https:\/\/pisocompartido.com.ar\/blog\/#\/schema\/person\/eadc67f9dd49a786f87a3e318ebf32a1"},"headline":"Nuevo bus 8 directo al Aeropuerto Internacional de Buenos Aires desde Plaza de Mayo en solo 1 hora.","datePublished":"2024-08-07T22:20:43+00:00","dateModified":"2024-08-07T22:43:58+00:00","mainEntityOfPage":{"@id":"https:\/\/pisocompartido.com.ar\/blog\/bus-8-directo-plaza-de-mayo-congreso-aeropuerto-ezeiza-buenos-aires\/"},"wordCount":343,"commentCount":0,"image":{"@id":"https:\/\/pisocompartido.com.ar\/blog\/bus-8-directo-plaza-de-mayo-congreso-aeropuerto-ezeiza-buenos-aires\/#primaryimage"},"thumbnailUrl":"https:\/\/pisocompartido.com.ar\/blog\/wp-content\/uploads\/2024\/08\/bus-8-de-Plaza-de-Mayo-a-Aeropuerto-Ezeiza-1.jpeg","articleSection":["Transporte"],"inLanguage":"ar","potentialAction":[{"@type":"CommentAction","name":"Comment","target":["https:\/\/pisocompartido.com.ar\/blog\/bus-8-directo-plaza-de-mayo-congreso-aeropuerto-ezeiza-buenos-aires\/#respond"]}]},{"@type":"WebPage","@id":"https:\/\/pisocompartido.com.ar\/blog\/bus-8-directo-plaza-de-mayo-congreso-aeropuerto-ezeiza-buenos-aires\/","url":"https:\/\/pisocompartido.com.ar\/blog\/bus-8-directo-plaza-de-mayo-congreso-aeropuerto-ezeiza-buenos-aires\/","name":"Nuevo Bus 8 Directo de Plaza de Mayo al Aeropuerto de Ezeiza | Piso Compartido Blog","isPartOf":{"@id":"https:\/\/pisocompartido.com.ar\/blog\/#website"},"primaryImageOfPage":{"@id":"https:\/\/pisocompartido.com.ar\/blog\/bus-8-directo-plaza-de-mayo-congreso-aeropuerto-ezeiza-buenos-aires\/#primaryimage"},"image":{"@id":"https:\/\/pisocompartido.com.ar\/blog\/bus-8-directo-plaza-de-mayo-congreso-aeropuerto-ezeiza-buenos-aires\/#primaryimage"},"thumbnailUrl":"https:\/\/pisocompartido.com.ar\/blog\/wp-content\/uploads\/2024\/08\/bus-8-de-Plaza-de-Mayo-a-Aeropuerto-Ezeiza-1.jpeg","datePublished":"2024-08-07T22:20:43+00:00","dateModified":"2024-08-07T22:43:58+00:00","author":{"@id":"https:\/\/pisocompartido.com.ar\/blog\/#\/schema\/person\/eadc67f9dd49a786f87a3e318ebf32a1"},"description":"Linea 8 de colectivo tiene un nuevo bus r\u00e1pido y directo al Aeropuerto de Ezeiza desde Plaza de Mayo. El recorrido dura una hora y tiene un valor super econ\u00f3mico.","breadcrumb":{"@id":"https:\/\/pisocompartido.com.ar\/blog\/bus-8-directo-plaza-de-mayo-congreso-aeropuerto-ezeiza-buenos-aires\/#breadcrumb"},"inLanguage":"ar","potentialAction":[{"@type":"ReadAction","target":["https:\/\/pisocompartido.com.ar\/blog\/bus-8-directo-plaza-de-mayo-congreso-aeropuerto-ezeiza-buenos-aires\/"]}]},{"@type":"ImageObject","inLanguage":"ar","@id":"https:\/\/pisocompartido.com.ar\/blog\/bus-8-directo-plaza-de-mayo-congreso-aeropuerto-ezeiza-buenos-aires\/#primaryimage","url":"https:\/\/pisocompartido.com.ar\/blog\/wp-content\/uploads\/2024\/08\/bus-8-de-Plaza-de-Mayo-a-Aeropuerto-Ezeiza-1.jpeg","contentUrl":"https:\/\/pisocompartido.com.ar\/blog\/wp-content\/uploads\/2024\/08\/bus-8-de-Plaza-de-Mayo-a-Aeropuerto-Ezeiza-1.jpeg","width":902,"height":590,"caption":"bus 8 a ezeiza"},{"@type":"BreadcrumbList","@id":"https:\/\/pisocompartido.com.ar\/blog\/bus-8-directo-plaza-de-mayo-congreso-aeropuerto-ezeiza-buenos-aires\/#breadcrumb","itemListElement":[{"@type":"ListItem","position":1,"name":"Inicio","item":"https:\/\/pisocompartido.com.ar\/blog\/"},{"@type":"ListItem","position":2,"name":"Nuevo bus 8 directo al Aeropuerto Internacional de Buenos Aires desde Plaza de Mayo en solo 1 hora."}]},{"@type":"WebSite","@id":"https:\/\/pisocompartido.com.ar\/blog\/#website","url":"https:\/\/pisocompartido.com.ar\/blog\/","name":"Piso Compartido Blog","description":"La mejor Informaci&oacute;n para estudiar en Argentina","potentialAction":[{"@type":"SearchAction","target":{"@type":"EntryPoint","urlTemplate":"https:\/\/pisocompartido.com.ar\/blog\/?s={search_term_string}"},"query-input":{"@type":"PropertyValueSpecification","valueRequired":true,"valueName":"search_term_string"}}],"inLanguage":"ar"},{"@type":"Person","@id":"https:\/\/pisocompartido.com.ar\/blog\/#\/schema\/person\/eadc67f9dd49a786f87a3e318ebf32a1","name":"Piso Compartido Bs As","image":{"@type":"ImageObject","inLanguage":"ar","@id":"https:\/\/secure.gravatar.com\/avatar\/1e225c5312d8f01c8964922ce793dcb9e8b26147002032b6c03980275e1f51a7?s=96&d=mm&r=g","url":"https:\/\/secure.gravatar.com\/avatar\/1e225c5312d8f01c8964922ce793dcb9e8b26147002032b6c03980275e1f51a7?s=96&d=mm&r=g","contentUrl":"https:\/\/secure.gravatar.com\/avatar\/1e225c5312d8f01c8964922ce793dcb9e8b26147002032b6c03980275e1f51a7?s=96&d=mm&r=g","caption":"Piso Compartido Bs As"},"url":"https:\/\/pisocompartido.com.ar\/blog\/author\/andresp1\/"}]}},"_links":{"self":[{"href":"https:\/\/pisocompartido.com.ar\/blog\/wp-json\/wp\/v2\/posts\/1502","targetHints":{"allow":["GET"]}}],"collection":[{"href":"https:\/\/pisocompartido.com.ar\/blog\/wp-json\/wp\/v2\/posts"}],"about":[{"href":"https:\/\/pisocompartido.com.ar\/blog\/wp-json\/wp\/v2\/types\/post"}],"author":[{"embeddable":true,"href":"https:\/\/pisocompartido.com.ar\/blog\/wp-json\/wp\/v2\/users\/1"}],"replies":[{"embeddable":true,"href":"https:\/\/pisocompartido.com.ar\/blog\/wp-json\/wp\/v2\/comments?post=1502"}],"version-history":[{"count":0,"href":"https:\/\/pisocompartido.com.ar\/blog\/wp-json\/wp\/v2\/posts\/1502\/revisions"}],"wp:featuredmedia":[{"embeddable":true,"href":"https:\/\/pisocompartido.com.ar\/blog\/wp-json\/wp\/v2\/media\/1507"}],"wp:attachment":[{"href":"https:\/\/pisocompartido.com.ar\/blog\/wp-json\/wp\/v2\/media?parent=1502"}],"wp:term":[{"taxonomy":"category","embeddable":true,"href":"https:\/\/pisocompartido.com.ar\/blog\/wp-json\/wp\/v2\/categories?post=1502"},{"taxonomy":"post_tag","embeddable":true,"href":"https:\/\/pisocompartido.com.ar\/blog\/wp-json\/wp\/v2\/tags?post=1502"}],"curies":[{"name":"wp","href":"https:\/\/api.w.org\/{rel}","templated":true}]}}